{"id":31067,"date":"2021-04-18T11:00:24","date_gmt":"2021-04-18T09:00:24","guid":{"rendered":"https:\/\/www.wendepunkt-freiburg.de\/content\/?p=31067"},"modified":"2023-04-28T14:16:16","modified_gmt":"2023-04-28T12:16:16","slug":"jahresrueckblick-2020","status":"publish","type":"post","link":"https:\/\/www.wendepunkt-freiburg.de\/content\/2021\/jahresrueckblick-2020\/","title":{"rendered":"Jahresr\u00fcckblick 2020"},"content":{"rendered":"<p>[et_pb_section fb_built=&#8220;1&#8243; _builder_version=&#8220;4.20.4&#8243; _module_preset=&#8220;default&#8220; global_colors_info=&#8220;{}&#8220;][et_pb_row column_structure=&#8220;3_5,2_5&#8243; _builder_version=&#8220;4.20.4&#8243; _module_preset=&#8220;default&#8220; global_colors_info=&#8220;{}&#8220;][et_pb_column type=&#8220;3_5&#8243; _builder_version=&#8220;4.20.4&#8243; _module_preset=&#8220;default&#8220; global_colors_info=&#8220;{}&#8220;][et_pb_text _builder_version=&#8220;4.20.4&#8243; _module_preset=&#8220;default&#8220; global_colors_info=&#8220;{}&#8220;]<\/p>\n<p>Ist es m\u00f6glich einen Jahresr\u00fcckblick f\u00fcr das Jahr 2020 zu schreiben, ohne das Wort Corona in den Mund zu nehmen? Wahrscheinlich eher nicht.<\/p>\n<p>Die immer noch anhaltende Pandemie hat nat\u00fcrlich auch das Wendepunkt-Jahr sehr gepr\u00e4gt \u2013 manches wurde erschwert, manches neu geschaffen, aber vor allem waren an vielen Stellen Flexibilit\u00e4t und Kreativit\u00e4t gefordert.<\/p>\n<p>Wie viele andere haben wir in diesem Jahr die pers\u00f6nlichen Begegnungen sehr vermisst. Andererseits haben wir feststellen d\u00fcrfen, dass Beziehung und N\u00e4he auch durch die Entfernung entstehen, wachsen und sich entfalten kann.<\/p>\n<p>[\/et_pb_text][\/et_pb_column][et_pb_column type=&#8220;2_5&#8243; _builder_version=&#8220;4.20.4&#8243; _module_preset=&#8220;default&#8220; global_colors_info=&#8220;{}&#8220;][et_pb_text admin_label=&#8220;Text \/ PDF Datei herunterladen&#8220; _builder_version=&#8220;4.20.4&#8243; _module_preset=&#8220;default&#8220; locked=&#8220;off&#8220; global_colors_info=&#8220;{}&#8220;]<\/p>\n<p>Hier k\u00f6nnen Sie den Jahresbericht als PDF-Datei herunterladen:<\/p>\n<p>[\/et_pb_text][et_pb_button button_url=&#8220;https:\/\/www.wendepunkt-freiburg.de\/content\/wp-content\/uploads\/2021\/04\/WP_Jahresrueckblick2020.pdf&#8220; url_new_window=&#8220;on&#8220; button_text=&#8220;Download als PDF&#8220; _builder_version=&#8220;4.20.4&#8243; _module_preset=&#8220;default&#8220; global_colors_info=&#8220;{}&#8220;][\/et_pb_button][\/et_pb_column][\/et_pb_row][\/et_pb_section]<\/p>\n","protected":false},"excerpt":{"rendered":"<p>2020 stand ganz im Zeichen der Pandemie. Dies hat nat\u00fcrlich auch das Wendepunkt-Jahr sehr gepr\u00e4gt \u2013 manches wurde erschwert, manches neu geschaffen, aber vor allem waren an vielen Stellen Flexibilit\u00e4t und Kreativit\u00e4t gefordert.<\/p>\n","protected":false},"author":1,"featured_media":31354,"comment_status":"open","ping_status":"open","sticky":false,"template":"","format":"standard","meta":{"_et_pb_use_builder":"on","_et_pb_old_content":"","_et_gb_content_width":"","footnotes":""},"categories":[1],"tags":[],"class_list":["post-31067","post","type-post","status-publish","format-standard","has-post-thumbnail","hentry","category-allgemein"],"_links":{"self":[{"href":"https:\/\/www.wendepunkt-freiburg.de\/content\/wp-json\/wp\/v2\/posts\/31067","targetHints":{"allow":["GET"]}}],"collection":[{"href":"https:\/\/www.wendepunkt-freiburg.de\/content\/wp-json\/wp\/v2\/posts"}],"about":[{"href":"https:\/\/www.wendepunkt-freiburg.de\/content\/wp-json\/wp\/v2\/types\/post"}],"author":[{"embeddable":true,"href":"https:\/\/www.wendepunkt-freiburg.de\/content\/wp-json\/wp\/v2\/users\/1"}],"replies":[{"embeddable":true,"href":"https:\/\/www.wendepunkt-freiburg.de\/content\/wp-json\/wp\/v2\/comments?post=31067"}],"version-history":[{"count":0,"href":"https:\/\/www.wendepunkt-freiburg.de\/content\/wp-json\/wp\/v2\/posts\/31067\/revisions"}],"wp:featuredmedia":[{"embeddable":true,"href":"https:\/\/www.wendepunkt-freiburg.de\/content\/wp-json\/wp\/v2\/media\/31354"}],"wp:attachment":[{"href":"https:\/\/www.wendepunkt-freiburg.de\/content\/wp-json\/wp\/v2\/media?parent=31067"}],"wp:term":[{"taxonomy":"category","embeddable":true,"href":"https:\/\/www.wendepunkt-freiburg.de\/content\/wp-json\/wp\/v2\/categories?post=31067"},{"taxonomy":"post_tag","embeddable":true,"href":"https:\/\/www.wendepunkt-freiburg.de\/content\/wp-json\/wp\/v2\/tags?post=31067"}],"curies":[{"name":"wp","href":"https:\/\/api.w.org\/{rel}","templated":true}]}}