{"id":31194,"date":"2020-03-11T11:31:22","date_gmt":"2020-03-11T10:31:22","guid":{"rendered":"https:\/\/www.wendepunkt-freiburg.de\/content\/?p=31194"},"modified":"2023-04-28T14:20:32","modified_gmt":"2023-04-28T12:20:32","slug":"jahresrueckblick-2019","status":"publish","type":"post","link":"https:\/\/www.wendepunkt-freiburg.de\/content\/2020\/jahresrueckblick-2019\/","title":{"rendered":"Jahresr\u00fcckblick 2019"},"content":{"rendered":"<p>[et_pb_section fb_built=&#8220;1&#8243; _builder_version=&#8220;4.20.4&#8243; _module_preset=&#8220;default&#8220; global_colors_info=&#8220;{}&#8220;][et_pb_row column_structure=&#8220;3_5,2_5&#8243; _builder_version=&#8220;4.20.4&#8243; _module_preset=&#8220;default&#8220; global_colors_info=&#8220;{}&#8220;][et_pb_column type=&#8220;3_5&#8243; _builder_version=&#8220;4.20.4&#8243; _module_preset=&#8220;default&#8220; global_colors_info=&#8220;{}&#8220;][et_pb_text _builder_version=&#8220;4.20.4&#8243; _module_preset=&#8220;default&#8220; global_colors_info=&#8220;{}&#8220;]<\/p>\n<p>Liebe Kolleg*innen, liebe Unterstu\u0308tzer*innen, liebe Interessierte,<\/p>\n<p>wie jedes Jahr gibt es von uns auch f\u00fcr das Jahr 2019 einen Jahresru\u0308ckblick als PDF zum Download. Wir freuen uns, Ihnen und Euch einen kleinen Einblick in das vergangene Jahr 2019 geben zu ko\u0308nnen.<\/p>\n<p>2019 war ein Jahr der Ver\u00e4nderungen. Die wohl gr\u00f6\u00dfte Ver\u00e4nderung hatten wir innerhalb des Teams zu verbuchen \u2013 durch einen personellen Wechsel und die damit verbundene Umstrukturierung der Arbeitsbereiche. Aber auch die weiterhin hohen Nachfragen an Beratungsgespr\u00e4chen und Fortbildungen haben uns ein intensives und arbeitsreiches Jahr beschert.<\/p>\n<p>[\/et_pb_text][\/et_pb_column][et_pb_column type=&#8220;2_5&#8243; _builder_version=&#8220;4.20.4&#8243; _module_preset=&#8220;default&#8220; global_colors_info=&#8220;{}&#8220;][et_pb_text admin_label=&#8220;Text \/ PDF Datei herunterladen&#8220; _builder_version=&#8220;4.20.4&#8243; _module_preset=&#8220;default&#8220; locked=&#8220;off&#8220; global_colors_info=&#8220;{}&#8220;]<\/p>\n<p>Hier k\u00f6nnen Sie den Jahresbericht als PDF-Datei herunterladen:<\/p>\n<p>[\/et_pb_text][et_pb_button button_url=&#8220;https:\/\/www.wendepunkt-freiburg.de\/content\/wp-content\/uploads\/2020\/03\/WP_Jahresbericht2019.pdf&#8220; url_new_window=&#8220;on&#8220; button_text=&#8220;Download als PDF&#8220; _builder_version=&#8220;4.20.4&#8243; _module_preset=&#8220;default&#8220; global_colors_info=&#8220;{}&#8220;][\/et_pb_button][\/et_pb_column][\/et_pb_row][\/et_pb_section]<\/p>\n","protected":false},"excerpt":{"rendered":"<p>Wie jedes Jahr gibt es von uns auch f\u00fcr das Jahr 2019 einen Jahresru\u0308ckblick als PDF zum Download. Wir freuen uns, Ihnen und Euch einen kleinen Einblick in das vergangene Jahr 2019 geben zu ko\u0308nnen.<\/p>\n","protected":false},"author":1,"featured_media":31353,"comment_status":"open","ping_status":"open","sticky":false,"template":"","format":"standard","meta":{"_et_pb_use_builder":"on","_et_pb_old_content":"","_et_gb_content_width":"","footnotes":""},"categories":[1],"tags":[],"class_list":["post-31194","post","type-post","status-publish","format-standard","has-post-thumbnail","hentry","category-allgemein"],"_links":{"self":[{"href":"https:\/\/www.wendepunkt-freiburg.de\/content\/wp-json\/wp\/v2\/posts\/31194","targetHints":{"allow":["GET"]}}],"collection":[{"href":"https:\/\/www.wendepunkt-freiburg.de\/content\/wp-json\/wp\/v2\/posts"}],"about":[{"href":"https:\/\/www.wendepunkt-freiburg.de\/content\/wp-json\/wp\/v2\/types\/post"}],"author":[{"embeddable":true,"href":"https:\/\/www.wendepunkt-freiburg.de\/content\/wp-json\/wp\/v2\/users\/1"}],"replies":[{"embeddable":true,"href":"https:\/\/www.wendepunkt-freiburg.de\/content\/wp-json\/wp\/v2\/comments?post=31194"}],"version-history":[{"count":0,"href":"https:\/\/www.wendepunkt-freiburg.de\/content\/wp-json\/wp\/v2\/posts\/31194\/revisions"}],"wp:featuredmedia":[{"embeddable":true,"href":"https:\/\/www.wendepunkt-freiburg.de\/content\/wp-json\/wp\/v2\/media\/31353"}],"wp:attachment":[{"href":"https:\/\/www.wendepunkt-freiburg.de\/content\/wp-json\/wp\/v2\/media?parent=31194"}],"wp:term":[{"taxonomy":"category","embeddable":true,"href":"https:\/\/www.wendepunkt-freiburg.de\/content\/wp-json\/wp\/v2\/categories?post=31194"},{"taxonomy":"post_tag","embeddable":true,"href":"https:\/\/www.wendepunkt-freiburg.de\/content\/wp-json\/wp\/v2\/tags?post=31194"}],"curies":[{"name":"wp","href":"https:\/\/api.w.org\/{rel}","templated":true}]}}