{"id":31395,"date":"2023-05-03T13:20:08","date_gmt":"2023-05-03T11:20:08","guid":{"rendered":"https:\/\/www.wendepunkt-freiburg.de\/content\/?p=31395"},"modified":"2023-11-08T12:14:53","modified_gmt":"2023-11-08T11:14:53","slug":"sc-freiburg-fuer-eine-kultur-des-hinsehens","status":"publish","type":"post","link":"https:\/\/www.wendepunkt-freiburg.de\/content\/2023\/sc-freiburg-fuer-eine-kultur-des-hinsehens\/","title":{"rendered":"SC Freiburg: F\u00fcr eine Kultur des Hinsehens"},"content":{"rendered":"<p>[et_pb_section fb_built=&#8220;1&#8243; admin_label=&#8220;section&#8220; _builder_version=&#8220;4.16&#8243; global_colors_info=&#8220;{}&#8220;][et_pb_row column_structure=&#8220;2_3,1_3&#8243; admin_label=&#8220;row&#8220; _builder_version=&#8220;4.16&#8243; background_size=&#8220;initial&#8220; background_position=&#8220;top_left&#8220; background_repeat=&#8220;repeat&#8220; global_colors_info=&#8220;{}&#8220;][et_pb_column type=&#8220;2_3&#8243; _builder_version=&#8220;4.16&#8243; custom_padding=&#8220;|||&#8220; global_colors_info=&#8220;{}&#8220; custom_padding__hover=&#8220;|||&#8220;][et_pb_text admin_label=&#8220;Text &#8211; Hinweis Original\/Quelle&#8220; _builder_version=&#8220;4.21.0&#8243; _module_preset=&#8220;default&#8220; global_colors_info=&#8220;{}&#8220;]<\/p>\n<p><em>Abdruck des Artikels vom 03.05.2023 auf der Webseite des SC Freiburg<\/em><br \/><em>(Link zum Original-Beitrag: <a href=\"https:\/\/www.scfreiburg.com\/aktuell\/nachrichten\/engagement\/2022\/2023\/fuer-eine-kultur-des-hinsehens\/\" target=\"_blank\" rel=\"noopener\">www.scfreiburg.com\/aktuell\/nachrichten\/engagement\/2022\/2023\/fuer-eine-kultur-des-hinsehens\/<\/a> )<\/em><\/p>\n<p>[\/et_pb_text][et_pb_text admin_label=&#8220;Text &#8211; Artikel&#8220; _builder_version=&#8220;4.21.0&#8243; _module_preset=&#8220;default&#8220; global_colors_info=&#8220;{}&#8220;]<\/p>\n<p><strong>Am vergangenen Dienstag fand die letzte von drei abteilungs\u00fcbergreifenden Fortbildungen zum Kinder- und Jugendschutz beim SC Freiburg in der Saison 2022\/23 im Dreisamstadion statt.<\/strong><\/p>\n<p>Die jeweils dreist\u00fcndigen Qualifizierungs-Ma\u00dfnahmen wurden von Anja Menner und Hermann Gilsbach von Wendepunkt, einer Freiburger Fachstelle gegen sexuellen Missbrauch an M\u00e4dchen und Jungen, durchgef\u00fchrt. Insgesamt nahmen 55 Mitarbeiter des SC Freiburg aus diesen Abteilungen teil:<\/p>\n<ul>\n<li>Frauen- und M\u00e4dchenfu\u00dfball-Abteilung<\/li>\n<li>Freiburger Fu\u00dfballschule<\/li>\n<li>Kommunikation und Medien<\/li>\n<li>Marketing und Gesellschaftliches Engagement<\/li>\n<li>Organisation und Stadion<\/li>\n<\/ul>\n<p>Schwerpunkte der Fortbildungen waren eine Einf\u00fchrung in die Thematik des sexuellen Missbrauchs, die Psychodynamik zwischen T\u00e4tern und Opfern sowie die Sensibilisierung f\u00fcr m\u00f6gliche Risiko-Situationen. Auch in der Saison 2023\/24 sind wieder Qualifizierungs-Ma\u00dfnahmen zum Kinder- und Jugendschutz geplant. \u00dcber die Termine werden wir rechtzeitig informieren.<\/p>\n<p>\u00dcber die Fortbildungen hinaus erarbeiten der Sport- Club und Wendepunkt ein abteilungs\u00fcbergreifendes Schutzkonzept f\u00fcr die Nachwuchsarbeit des SC. Mithilfe des Pr\u00e4ventionskonzeptes soll eine Kultur des Hinsehens geschaffen und eine Sensibili\u00adsierung des gesamten Umfeldes (Mitarbeiter, Eltern, Kinder und Jugendliche) gef\u00f6rdert werden.<\/p>\n<p>[\/et_pb_text][\/et_pb_column][et_pb_column type=&#8220;1_3&#8243; _builder_version=&#8220;4.16&#8243; custom_padding=&#8220;|||&#8220; global_colors_info=&#8220;{}&#8220; custom_padding__hover=&#8220;|||&#8220;][et_pb_text admin_label=&#8220;Text &#8211; Fotos Klaus Polkowski&#8220; _builder_version=&#8220;4.21.0&#8243; _module_preset=&#8220;default&#8220; text_font=&#8220;|||on|||||&#8220; text_text_color=&#8220;#aaaaaa&#8220; text_font_size=&#8220;12px&#8220; text_orientation=&#8220;right&#8220; custom_margin=&#8220;30px||||false|false&#8220; text_font_size_tablet=&#8220;11px&#8220; text_font_size_phone=&#8220;10px&#8220; text_font_size_last_edited=&#8220;on|phone&#8220; global_colors_info=&#8220;{}&#8220;]<\/p>\n<p>Fotos: SC Freiburg<\/p>\n<p>[\/et_pb_text][et_pb_gallery gallery_ids=&#8220;31405,31406,31407,31408&#8243; show_title_and_caption=&#8220;off&#8220; show_pagination=&#8220;off&#8220; _builder_version=&#8220;4.21.0&#8243; _module_preset=&#8220;default&#8220; global_colors_info=&#8220;{}&#8220;][\/et_pb_gallery][\/et_pb_column][\/et_pb_row][\/et_pb_section]<\/p>\n","protected":false},"excerpt":{"rendered":"<p>Am vergangenen Dienstag fand die letzte von drei abteilungs\u00fcbergreifenden Fortbildungen zum Kinder- und Jugendschutz beim SC Freiburg in der Saison 2022\/23 im Dreisamstadion statt.<\/p>\n","protected":false},"author":1,"featured_media":31404,"comment_status":"open","ping_status":"open","sticky":false,"template":"","format":"standard","meta":{"_et_pb_use_builder":"on","_et_pb_old_content":"","_et_gb_content_width":"","footnotes":""},"categories":[1],"tags":[],"class_list":["post-31395","post","type-post","status-publish","format-standard","has-post-thumbnail","hentry","category-allgemein"],"_links":{"self":[{"href":"https:\/\/www.wendepunkt-freiburg.de\/content\/wp-json\/wp\/v2\/posts\/31395","targetHints":{"allow":["GET"]}}],"collection":[{"href":"https:\/\/www.wendepunkt-freiburg.de\/content\/wp-json\/wp\/v2\/posts"}],"about":[{"href":"https:\/\/www.wendepunkt-freiburg.de\/content\/wp-json\/wp\/v2\/types\/post"}],"author":[{"embeddable":true,"href":"https:\/\/www.wendepunkt-freiburg.de\/content\/wp-json\/wp\/v2\/users\/1"}],"replies":[{"embeddable":true,"href":"https:\/\/www.wendepunkt-freiburg.de\/content\/wp-json\/wp\/v2\/comments?post=31395"}],"version-history":[{"count":0,"href":"https:\/\/www.wendepunkt-freiburg.de\/content\/wp-json\/wp\/v2\/posts\/31395\/revisions"}],"wp:featuredmedia":[{"embeddable":true,"href":"https:\/\/www.wendepunkt-freiburg.de\/content\/wp-json\/wp\/v2\/media\/31404"}],"wp:attachment":[{"href":"https:\/\/www.wendepunkt-freiburg.de\/content\/wp-json\/wp\/v2\/media?parent=31395"}],"wp:term":[{"taxonomy":"category","embeddable":true,"href":"https:\/\/www.wendepunkt-freiburg.de\/content\/wp-json\/wp\/v2\/categories?post=31395"},{"taxonomy":"post_tag","embeddable":true,"href":"https:\/\/www.wendepunkt-freiburg.de\/content\/wp-json\/wp\/v2\/tags?post=31395"}],"curies":[{"name":"wp","href":"https:\/\/api.w.org\/{rel}","templated":true}]}}