{"id":31425,"date":"2021-10-05T10:21:02","date_gmt":"2021-10-05T08:21:02","guid":{"rendered":"https:\/\/www.wendepunkt-freiburg.de\/content\/?p=31425"},"modified":"2023-05-05T10:35:07","modified_gmt":"2023-05-05T08:35:07","slug":"wendepunkt-hat-neuen-vorstand","status":"publish","type":"post","link":"https:\/\/www.wendepunkt-freiburg.de\/content\/2021\/wendepunkt-hat-neuen-vorstand\/","title":{"rendered":"Wendepunkt hat neuen Vorstand"},"content":{"rendered":"<p>[et_pb_section fb_built=&#8220;1&#8243; admin_label=&#8220;section&#8220; _builder_version=&#8220;4.16&#8243; global_colors_info=&#8220;{}&#8220;][et_pb_row column_structure=&#8220;1_2,1_2&#8243; use_custom_gutter=&#8220;on&#8220; gutter_width=&#8220;2&#8243; admin_label=&#8220;row&#8220; _builder_version=&#8220;4.21.0&#8243; background_size=&#8220;initial&#8220; background_position=&#8220;top_left&#8220; background_repeat=&#8220;repeat&#8220; global_colors_info=&#8220;{}&#8220;][et_pb_column type=&#8220;1_2&#8243; _builder_version=&#8220;4.16&#8243; custom_padding=&#8220;|||&#8220; global_colors_info=&#8220;{}&#8220; custom_padding__hover=&#8220;|||&#8220;][et_pb_text _builder_version=&#8220;4.21.0&#8243; _module_preset=&#8220;default&#8220; hover_enabled=&#8220;0&#8243; global_colors_info=&#8220;{}&#8220; sticky_enabled=&#8220;0&#8243;]<\/p>\n<p><strong>Im September 2021 wurde in der Mitgliederversammlung ein neuer Vorstand gew\u00e4hlt.<\/strong><\/p>\n<p>Wir danken Isolde Lais (1. Vorsitzende), Detlef Berger (2. Vorsitzender), Martina Brunner, Malou Thoos und Carmen Bremer f\u00fcr ihr Engagement und ihren Einsatz.<\/p>\n<p>Ein weiterer Dank geht an dieser Stelle auch an die ausgeschiedenen Vorstandsfrauen Christa J\u00e4ger und Miriam Thoma f\u00fcr ihre Bereitschaft sich f\u00fcr Wendepunkt zu engagieren.<\/p>\n<p>[\/et_pb_text][\/et_pb_column][et_pb_column type=&#8220;1_2&#8243; _builder_version=&#8220;4.16&#8243; custom_padding=&#8220;|||&#8220; global_colors_info=&#8220;{}&#8220; custom_padding__hover=&#8220;|||&#8220;][et_pb_image src=&#8220;https:\/\/www.wendepunkt-freiburg.de\/content\/wp-content\/uploads\/2021\/11\/WP-Vorstand-20211013-1200&#215;600-1.jpg&#8220; alt=&#8220;Der Wendepunkt-Vorstand 2021 (vlnr): Martina Brunner \u2013 Detlef Berger \u2013 Carmen Bremer \u2013 Malou Thoos \u2013 Isolde Lais&#8220; title_text=&#8220;Der WendePunkt-Vorstand 2021 (vlnr): Martina Brunner \u2013 Detlef Berger \u2013 Carmen Bremer \u2013 Malou Thoos \u2013 Isolde Lais&#8220; show_in_lightbox=&#8220;on&#8220; _builder_version=&#8220;4.21.0&#8243; _module_preset=&#8220;default&#8220; custom_margin=&#8220;||5px||false|false&#8220; global_colors_info=&#8220;{}&#8220;][\/et_pb_image][et_pb_text admin_label=&#8220;Bildunterschrift&#8220; _builder_version=&#8220;4.21.0&#8243; _module_preset=&#8220;default&#8220; text_font=&#8220;|||on|||||&#8220; text_text_color=&#8220;#aaaaaa&#8220; text_font_size=&#8220;12px&#8220; text_orientation=&#8220;center&#8220; custom_margin=&#8220;0px||||false|false&#8220; text_font_size_tablet=&#8220;11px&#8220; text_font_size_phone=&#8220;10px&#8220; text_font_size_last_edited=&#8220;on|desktop&#8220; locked=&#8220;off&#8220; global_colors_info=&#8220;{}&#8220;]<\/p>\n<p>Der WendePunkt-Vorstand 2021 (vlnr): Martina Brunner \u2013 Detlef Berger \u2013 Carmen Bremer \u2013 Malou Thoos \u2013 Isolde Lais<\/p>\n<p>[\/et_pb_text][\/et_pb_column][\/et_pb_row][\/et_pb_section]<\/p>\n","protected":false},"excerpt":{"rendered":"<p>Im September 2021 wurde in der Mitgliederversammlung ein neuer Vorstand gew\u00e4hlt. Wir danken Isolde Lais (1. Vorsitzende), Detlef Berger (2. Vorsitzender), Martina Brunner, Malou Thoos und Carmen Bremer f\u00fcr ihr Engagement und ihren Einsatz. Ein weiterer Dank geht an dieser Stelle auch an die ausgeschiedenen Vorstandsfrauen Christa J\u00e4ger und Miriam Thoma f\u00fcr ihre Bereitschaft sich f\u00fcr Wendepunkt zu engagieren.Der WendePunkt-Vorstand 2021 (vlnr): Martina Brunner \u2013 Detlef Berger \u2013 Carmen Bremer \u2013 Malou Thoos \u2013 Isolde Lais<\/p>\n","protected":false},"author":1,"featured_media":31420,"comment_status":"open","ping_status":"open","sticky":false,"template":"","format":"standard","meta":{"_et_pb_use_builder":"on","_et_pb_old_content":"","_et_gb_content_width":"","footnotes":""},"categories":[1],"tags":[],"class_list":["post-31425","post","type-post","status-publish","format-standard","has-post-thumbnail","hentry","category-allgemein"],"_links":{"self":[{"href":"https:\/\/www.wendepunkt-freiburg.de\/content\/wp-json\/wp\/v2\/posts\/31425","targetHints":{"allow":["GET"]}}],"collection":[{"href":"https:\/\/www.wendepunkt-freiburg.de\/content\/wp-json\/wp\/v2\/posts"}],"about":[{"href":"https:\/\/www.wendepunkt-freiburg.de\/content\/wp-json\/wp\/v2\/types\/post"}],"author":[{"embeddable":true,"href":"https:\/\/www.wendepunkt-freiburg.de\/content\/wp-json\/wp\/v2\/users\/1"}],"replies":[{"embeddable":true,"href":"https:\/\/www.wendepunkt-freiburg.de\/content\/wp-json\/wp\/v2\/comments?post=31425"}],"version-history":[{"count":0,"href":"https:\/\/www.wendepunkt-freiburg.de\/content\/wp-json\/wp\/v2\/posts\/31425\/revisions"}],"wp:featuredmedia":[{"embeddable":true,"href":"https:\/\/www.wendepunkt-freiburg.de\/content\/wp-json\/wp\/v2\/media\/31420"}],"wp:attachment":[{"href":"https:\/\/www.wendepunkt-freiburg.de\/content\/wp-json\/wp\/v2\/media?parent=31425"}],"wp:term":[{"taxonomy":"category","embeddable":true,"href":"https:\/\/www.wendepunkt-freiburg.de\/content\/wp-json\/wp\/v2\/categories?post=31425"},{"taxonomy":"post_tag","embeddable":true,"href":"https:\/\/www.wendepunkt-freiburg.de\/content\/wp-json\/wp\/v2\/tags?post=31425"}],"curies":[{"name":"wp","href":"https:\/\/api.w.org\/{rel}","templated":true}]}}