{"id":31578,"date":"2023-09-25T12:44:04","date_gmt":"2023-09-25T10:44:04","guid":{"rendered":"https:\/\/www.wendepunkt-freiburg.de\/content\/?p=31578"},"modified":"2024-02-27T12:17:48","modified_gmt":"2024-02-27T11:17:48","slug":"weltkindertag-2023-seepark-freiburg","status":"publish","type":"post","link":"https:\/\/www.wendepunkt-freiburg.de\/content\/2023\/weltkindertag-2023-seepark-freiburg\/","title":{"rendered":"Weltkindertag am Seepark in Freiburg"},"content":{"rendered":"<p>[et_pb_section fb_built=&#8220;1&#8243; admin_label=&#8220;section&#8220; _builder_version=&#8220;4.22.2&#8243; custom_padding=&#8220;||5px||false|false&#8220; global_colors_info=&#8220;{}&#8220;][et_pb_row column_structure=&#8220;1_2,1_2&#8243; use_custom_gutter=&#8220;on&#8220; gutter_width=&#8220;2&#8243; admin_label=&#8220;row&#8220; _builder_version=&#8220;4.22.2&#8243; background_size=&#8220;initial&#8220; background_position=&#8220;top_left&#8220; background_repeat=&#8220;repeat&#8220; global_colors_info=&#8220;{}&#8220;][et_pb_column type=&#8220;1_2&#8243; _builder_version=&#8220;4.16&#8243; custom_padding=&#8220;|||&#8220; global_colors_info=&#8220;{}&#8220; custom_padding__hover=&#8220;|||&#8220;][et_pb_text _builder_version=&#8220;4.22.2&#8243; _module_preset=&#8220;default&#8220; global_colors_info=&#8220;{}&#8220;]<strong>Bei wundersch\u00f6nem Wetter wurde am Sonntag, 24. September 2023, der Weltkindertag am Seepark in Freiburg gefeiert \u2013 dieses Jahr unter dem Motto \u201eJedes Kind braucht eine Zukunft\u201c.<\/strong> Das Deutsche Kinderhilfswerk und UNICEF Deutschland fordern mit diesem Motto ein st\u00e4rkeres politisches Engagement f\u00fcr eine gerechte und lebenswerte Zukunft junger Menschen.[\/et_pb_text][\/et_pb_column][et_pb_column type=&#8220;1_2&#8243; _builder_version=&#8220;4.16&#8243; custom_padding=&#8220;|||&#8220; global_colors_info=&#8220;{}&#8220; custom_padding__hover=&#8220;|||&#8220;][et_pb_image src=&#8220;https:\/\/www.wendepunkt-freiburg.de\/content\/wp-content\/uploads\/2023\/10\/WEP-NewsTeaser-750&#215;500-20231024-WeltKinderTag-Seepark.jpg&#8220; alt=&#8220;Weltkindertag 2023 am Seepark in Freiburg&#8220; title_text=&#8220;Weltkindertag 2023 am Seepark in Freiburg&#8220; show_in_lightbox=&#8220;on&#8220; _builder_version=&#8220;4.24.2&#8243; _module_preset=&#8220;default&#8220; hover_enabled=&#8220;0&#8243; global_colors_info=&#8220;{}&#8220; sticky_enabled=&#8220;0&#8243;][\/et_pb_image][\/et_pb_column][\/et_pb_row][et_pb_row column_structure=&#8220;1_4,1_2,1_4&#8243; use_custom_gutter=&#8220;on&#8220; gutter_width=&#8220;2&#8243; disabled_on=&#8220;on|on|off&#8220; _builder_version=&#8220;4.22.2&#8243; _module_preset=&#8220;default&#8220; global_colors_info=&#8220;{}&#8220;][et_pb_column type=&#8220;1_4&#8243; _builder_version=&#8220;4.22.2&#8243; _module_preset=&#8220;default&#8220; global_colors_info=&#8220;{}&#8220;][et_pb_image src=&#8220;https:\/\/www.wendepunkt-freiburg.de\/content\/wp-content\/uploads\/2023\/09\/20230924-WeltKinderTag2023-153545.jpg&#8220; alt=&#8220;Wendepunkt war dabei \u2013 Weltkindertag 2023 am Seepark in Freiburg&#8220; title_text=&#8220;Wendepunkt war dabei \u2013 Weltkindertag 2023 am Seepark in Freiburg&#8220; show_in_lightbox=&#8220;on&#8220; disabled_on=&#8220;on|on|off&#8220; _builder_version=&#8220;4.22.2&#8243; _module_preset=&#8220;default&#8220; global_colors_info=&#8220;{}&#8220;][\/et_pb_image][\/et_pb_column][et_pb_column type=&#8220;1_2&#8243; _builder_version=&#8220;4.22.2&#8243; _module_preset=&#8220;default&#8220; global_colors_info=&#8220;{}&#8220;][et_pb_text _builder_version=&#8220;4.22.2&#8243; _module_preset=&#8220;default&#8220; global_colors_info=&#8220;{}&#8220;]<\/p>\n<p>Am Stand von Wendepunkt konnten die Kinder Gegenst\u00e4nde in einer Gef\u00fchlebox ertasten und danach am Gl\u00fccksrad drehen. Jeder Dreh am Gl\u00fccksrad war ein Gewinn und die Kinder konnte verschiedene Preise gewinnen.<\/p>\n<p>Insbesondere gab es jedoch auch die <strong>M\u00f6glichkeit, sich \u00fcber die Arbeit von Wendepunkt und anderen Vereinen zu informieren<\/strong> und Fragen zu stellen. Auf der Seeb\u00fchne gab es ein buntes Programm aus Tanz-, Musik- und Zirkus-Auff\u00fchrungen f\u00fcr Kinder von Kindern.<\/p>\n<p>[\/et_pb_text][\/et_pb_column][et_pb_column type=&#8220;1_4&#8243; _builder_version=&#8220;4.22.2&#8243; _module_preset=&#8220;default&#8220; global_colors_info=&#8220;{}&#8220;][et_pb_image src=&#8220;https:\/\/www.wendepunkt-freiburg.de\/content\/wp-content\/uploads\/2023\/09\/20230924-WeltKinderTag2023-160620.jpg&#8220; alt=&#8220;Wendepunkt war dabei \u2013 Weltkindertag 2023 am Seepark in Freiburg&#8220; title_text=&#8220;Wendepunkt war dabei \u2013 Weltkindertag 2023 am Seepark in Freiburg&#8220; show_in_lightbox=&#8220;on&#8220; disabled_on=&#8220;off|off|off&#8220; _builder_version=&#8220;4.22.2&#8243; _module_preset=&#8220;default&#8220; global_colors_info=&#8220;{}&#8220;][\/et_pb_image][\/et_pb_column][\/et_pb_row][\/et_pb_section]<\/p>\n","protected":false},"excerpt":{"rendered":"<p>Am 24. September 2023 wurde der Weltkindertag am Seepark in Freiburg gefeiert \u2013 dieses Jahr unter dem Motto \u201eJedes Kind braucht eine Zukunft\u201c. Wendepunkt war dabei.<\/p>\n","protected":false},"author":1,"featured_media":31581,"comment_status":"open","ping_status":"open","sticky":false,"template":"","format":"standard","meta":{"_et_pb_use_builder":"on","_et_pb_old_content":"","_et_gb_content_width":"","footnotes":""},"categories":[1],"tags":[],"class_list":["post-31578","post","type-post","status-publish","format-standard","has-post-thumbnail","hentry","category-allgemein"],"_links":{"self":[{"href":"https:\/\/www.wendepunkt-freiburg.de\/content\/wp-json\/wp\/v2\/posts\/31578","targetHints":{"allow":["GET"]}}],"collection":[{"href":"https:\/\/www.wendepunkt-freiburg.de\/content\/wp-json\/wp\/v2\/posts"}],"about":[{"href":"https:\/\/www.wendepunkt-freiburg.de\/content\/wp-json\/wp\/v2\/types\/post"}],"author":[{"embeddable":true,"href":"https:\/\/www.wendepunkt-freiburg.de\/content\/wp-json\/wp\/v2\/users\/1"}],"replies":[{"embeddable":true,"href":"https:\/\/www.wendepunkt-freiburg.de\/content\/wp-json\/wp\/v2\/comments?post=31578"}],"version-history":[{"count":0,"href":"https:\/\/www.wendepunkt-freiburg.de\/content\/wp-json\/wp\/v2\/posts\/31578\/revisions"}],"wp:featuredmedia":[{"embeddable":true,"href":"https:\/\/www.wendepunkt-freiburg.de\/content\/wp-json\/wp\/v2\/media\/31581"}],"wp:attachment":[{"href":"https:\/\/www.wendepunkt-freiburg.de\/content\/wp-json\/wp\/v2\/media?parent=31578"}],"wp:term":[{"taxonomy":"category","embeddable":true,"href":"https:\/\/www.wendepunkt-freiburg.de\/content\/wp-json\/wp\/v2\/categories?post=31578"},{"taxonomy":"post_tag","embeddable":true,"href":"https:\/\/www.wendepunkt-freiburg.de\/content\/wp-json\/wp\/v2\/tags?post=31578"}],"curies":[{"name":"wp","href":"https:\/\/api.w.org\/{rel}","templated":true}]}}