{"id":32255,"date":"2024-09-23T09:06:36","date_gmt":"2024-09-23T07:06:36","guid":{"rendered":"https:\/\/www.wendepunkt-freiburg.de\/content\/?p=32255"},"modified":"2025-09-01T14:48:05","modified_gmt":"2025-09-01T12:48:05","slug":"weltkindertag-2024-seepark-freiburg","status":"publish","type":"post","link":"https:\/\/www.wendepunkt-freiburg.de\/content\/2024\/weltkindertag-2024-seepark-freiburg\/","title":{"rendered":"Weltkindertag 2024 am Seepark Freiburg"},"content":{"rendered":"<p>[et_pb_section fb_built=&#8220;1&#8243; admin_label=&#8220;section&#8220; _builder_version=&#8220;4.22.2&#8243; custom_padding=&#8220;||5px||false|false&#8220; global_colors_info=&#8220;{}&#8220;][et_pb_row column_structure=&#8220;1_2,1_2&#8243; use_custom_gutter=&#8220;on&#8220; gutter_width=&#8220;2&#8243; admin_label=&#8220;row&#8220; _builder_version=&#8220;4.22.2&#8243; background_size=&#8220;initial&#8220; background_position=&#8220;top_left&#8220; background_repeat=&#8220;repeat&#8220; global_colors_info=&#8220;{}&#8220;][et_pb_column type=&#8220;1_2&#8243; _builder_version=&#8220;4.16&#8243; custom_padding=&#8220;|||&#8220; global_colors_info=&#8220;{}&#8220; custom_padding__hover=&#8220;|||&#8220;][et_pb_text _builder_version=&#8220;4.27.4&#8243; _module_preset=&#8220;default&#8220; global_colors_info=&#8220;{}&#8220;]Auch 2024 nahm Wendepunkt wieder an den Aktionen des Weltkindertages am Sonntag, 22. September, im Seepark teil.<\/p>\n<p>Das Ertasten der Gegenst\u00e4nde in der Gef\u00fchlebox stellte sich als spannendes Erlebnis f\u00fcr die Kinder heraus. Anschlie\u00dfend durfte am Gl\u00fccksrad gedreht werden, bei dem jeder Versuch einen Gewinn erzielte. Somit konnte sich jedes Kind mit einem Preis verabschieden.<\/p>\n<p>Das Angebot erfreute sich \u00fcber gro\u00dfe Beliebtheit und zog viele Besucher*innen an, die sich \u00fcber die Arbeit von Wendepunkt informieren konnten. Es war ein fr\u00f6hlicher Tag mit tollen Begegnungen![\/et_pb_text][\/et_pb_column][et_pb_column type=&#8220;1_2&#8243; _builder_version=&#8220;4.16&#8243; custom_padding=&#8220;|||&#8220; global_colors_info=&#8220;{}&#8220; custom_padding__hover=&#8220;|||&#8220;][et_pb_image src=&#8220;https:\/\/www.wendepunkt-freiburg.de\/content\/wp-content\/uploads\/2024\/09\/20240922-Wendepunkt-Welkindertag-2024-Seepark-Freiburg.jpg&#8220; alt=&#8220;Wendepunkt am Welkindertag 2024 am Seepark in Freiburg&#8220; title_text=&#8220;Wendepunkt am Welkindertag 2024 am Seepark in Freiburg&#8220; show_in_lightbox=&#8220;on&#8220; _builder_version=&#8220;4.27.4&#8243; _module_preset=&#8220;default&#8220; global_colors_info=&#8220;{}&#8220;][\/et_pb_image][\/et_pb_column][\/et_pb_row][\/et_pb_section]<\/p>\n","protected":false},"excerpt":{"rendered":"<p>Auch 2024 nahm Wendepunkt wieder an den Aktionen des Weltkindertages im Seepark teil. Das Angebot erfreute sich \u00fcber gro\u00dfe Beliebtheit und zog viele Besucher*innen an, die sich \u00fcber die Arbeit von Wendepunkt informieren konnten. Es war ein fr\u00f6hlicher Tag mit tollen Begegnungen!<\/p>\n","protected":false},"author":1,"featured_media":32263,"comment_status":"open","ping_status":"open","sticky":false,"template":"","format":"standard","meta":{"_et_pb_use_builder":"on","_et_pb_old_content":"","_et_gb_content_width":"","footnotes":""},"categories":[1],"tags":[],"class_list":["post-32255","post","type-post","status-publish","format-standard","has-post-thumbnail","hentry","category-allgemein"],"_links":{"self":[{"href":"https:\/\/www.wendepunkt-freiburg.de\/content\/wp-json\/wp\/v2\/posts\/32255","targetHints":{"allow":["GET"]}}],"collection":[{"href":"https:\/\/www.wendepunkt-freiburg.de\/content\/wp-json\/wp\/v2\/posts"}],"about":[{"href":"https:\/\/www.wendepunkt-freiburg.de\/content\/wp-json\/wp\/v2\/types\/post"}],"author":[{"embeddable":true,"href":"https:\/\/www.wendepunkt-freiburg.de\/content\/wp-json\/wp\/v2\/users\/1"}],"replies":[{"embeddable":true,"href":"https:\/\/www.wendepunkt-freiburg.de\/content\/wp-json\/wp\/v2\/comments?post=32255"}],"version-history":[{"count":0,"href":"https:\/\/www.wendepunkt-freiburg.de\/content\/wp-json\/wp\/v2\/posts\/32255\/revisions"}],"wp:featuredmedia":[{"embeddable":true,"href":"https:\/\/www.wendepunkt-freiburg.de\/content\/wp-json\/wp\/v2\/media\/32263"}],"wp:attachment":[{"href":"https:\/\/www.wendepunkt-freiburg.de\/content\/wp-json\/wp\/v2\/media?parent=32255"}],"wp:term":[{"taxonomy":"category","embeddable":true,"href":"https:\/\/www.wendepunkt-freiburg.de\/content\/wp-json\/wp\/v2\/categories?post=32255"},{"taxonomy":"post_tag","embeddable":true,"href":"https:\/\/www.wendepunkt-freiburg.de\/content\/wp-json\/wp\/v2\/tags?post=32255"}],"curies":[{"name":"wp","href":"https:\/\/api.w.org\/{rel}","templated":true}]}}