{"id":32434,"date":"2025-07-15T10:06:44","date_gmt":"2025-07-15T08:06:44","guid":{"rendered":"https:\/\/www.wendepunkt-freiburg.de\/content\/?p=32434"},"modified":"2025-07-15T10:38:30","modified_gmt":"2025-07-15T08:38:30","slug":"stellungnahme-zur-einstellung-des-fonds-sexueller-missbrauch-fsm","status":"publish","type":"post","link":"https:\/\/www.wendepunkt-freiburg.de\/content\/2025\/stellungnahme-zur-einstellung-des-fonds-sexueller-missbrauch-fsm\/","title":{"rendered":"Stellungnahme zur Einstellung des Fonds sexueller Missbrauch (FSM)"},"content":{"rendered":"<p>[et_pb_section fb_built=&#8220;1&#8243; admin_label=&#8220;section&#8220; _builder_version=&#8220;4.16&#8243; global_colors_info=&#8220;{}&#8220;][et_pb_row column_structure=&#8220;2_3,1_3&#8243; use_custom_gutter=&#8220;on&#8220; gutter_width=&#8220;2&#8243; make_equal=&#8220;on&#8220; _builder_version=&#8220;4.20.4&#8243; _module_preset=&#8220;default&#8220; locked=&#8220;off&#8220; global_colors_info=&#8220;{}&#8220;][et_pb_column type=&#8220;2_3&#8243; admin_label=&#8220;Spalte \/ Text&#8220; _builder_version=&#8220;4.20.4&#8243; _module_preset=&#8220;default&#8220; global_colors_info=&#8220;{}&#8220;][et_pb_text _builder_version=&#8220;4.27.4&#8243; _module_preset=&#8220;default&#8220; hover_enabled=&#8220;0&#8243; global_colors_info=&#8220;{}&#8220; sticky_enabled=&#8220;0&#8243;]<\/p>\n<p><strong>Stellungnahme von Wendepunkt e.V. zur Einstellung des Fonds sexueller Missbrauch<\/strong><\/p>\n<p>Der Fonds sexueller Missbrauch (FSM) war viele Jahre ein niederschwelliges Unterst\u00fctzungssystem f\u00fcr unsere Klient*innen, die in ihrer Kindheit und Jugend von sexuellem Missbrauch betroffen waren. Sie konnten hier\u00fcber notwendige Hilfen wie Therapien, die nicht (mehr) von der Krankenkasse \u00fcbernommen wurden, aber auch sehr individuelle Hilfen, die sie sich als bestm\u00f6glichste Unterst\u00fctzung ausgew\u00e4hlt haben, beantragen. Gerade f\u00fcr jene Klient*innen, die sexuellen Missbrauch im famili\u00e4ren Bereich erlebt haben, war dies sehr wichtig.<\/p>\n<p>[\/et_pb_text][\/et_pb_column][et_pb_column type=&#8220;1_3&#8243; admin_label=&#8220;Spalte \/ Download-Button&#8220; _builder_version=&#8220;4.20.4&#8243; _module_preset=&#8220;default&#8220; background_color=&#8220;rgba(124,218,36,0.2)&#8220; custom_padding=&#8220;20px|5px|20px|5px|false|false&#8220; global_colors_info=&#8220;{}&#8220;][et_pb_image src=&#8220;https:\/\/www.wendepunkt-freiburg.de\/content\/wp-content\/uploads\/2025\/07\/Logo-Fonds-sexueller-Missbrauch.png&#8220; alt=&#8220;Logo: Fonds sexueller Missbrauch&#8220; title_text=&#8220;Logo: Fonds sexueller Missbrauch&#8220; url=&#8220;https:\/\/www.fonds-missbrauch.de\/aktuelles\/aktuell\/aenderungen-beim-ergaenzenden-hilfesystem&#8220; url_new_window=&#8220;on&#8220; _builder_version=&#8220;4.27.4&#8243; _module_preset=&#8220;default&#8220; global_colors_info=&#8220;{}&#8220;][\/et_pb_image][et_pb_text admin_label=&#8220;Text \/ Link-Info&#8220; _builder_version=&#8220;4.27.4&#8243; _module_preset=&#8220;default&#8220; text_orientation=&#8220;center&#8220; custom_margin=&#8220;||10px||false|false&#8220; custom_padding=&#8220;0px||0px||false|false&#8220; global_colors_info=&#8220;{}&#8220;]<\/p>\n<p>Zur Mitteilung auf der Website des Fonds sexueller Missbrauch:<\/p>\n<p>[\/et_pb_text][et_pb_button button_url=&#8220;https:\/\/www.fonds-missbrauch.de\/aktuelles\/aktuell\/aenderungen-beim-ergaenzenden-hilfesystem&#8220; url_new_window=&#8220;on&#8220; button_text=&#8220;Website besuchen&#8220; button_alignment=&#8220;center&#8220; admin_label=&#8220;Button \/ Link&#8220; _builder_version=&#8220;4.27.4&#8243; _module_preset=&#8220;default&#8220; custom_margin=&#8220;10px||||false|false&#8220; custom_padding=&#8220;||||false|false&#8220; global_colors_info=&#8220;{}&#8220;][\/et_pb_button][\/et_pb_column][\/et_pb_row][et_pb_row admin_label=&#8220;Zeile&#8220; _builder_version=&#8220;4.16&#8243; background_size=&#8220;initial&#8220; background_position=&#8220;top_left&#8220; background_repeat=&#8220;repeat&#8220; global_colors_info=&#8220;{}&#8220;][et_pb_column type=&#8220;4_4&#8243; _builder_version=&#8220;4.16&#8243; custom_padding=&#8220;|||&#8220; global_colors_info=&#8220;{}&#8220; custom_padding__hover=&#8220;|||&#8220;][et_pb_text _builder_version=&#8220;4.27.4&#8243; _module_preset=&#8220;default&#8220; global_colors_info=&#8220;{}&#8220;]Schon l\u00e4nger war unklar, wie es mit dem FSM weitergeht. Am 24.06.2025 kam die Mitteilung, dass keine Erstantr\u00e4ge mehr gestellt werden sollen. Schon die im M\u00e4rz ver\u00f6ffentlichte Mitteilung, dass Erstantr\u00e4ge nur noch bis August 2025 gestellt werden k\u00f6nnen und wesentliche Bedingungen ver\u00e4ndert wurden, hat zu viel Aufruhr und Ver\u00e4rgerung  gesorgt. Einige Klient*innen, die trotz Begleitung durch unsere Fachstelle (noch) nicht so weit (z.B. nicht stabil genug) waren, einen Antrag auszuf\u00fcllen, haben sich anschlie\u00dfend \u00fcber ihre Kr\u00e4fte hinaus bem\u00fcht, dem gerecht zu werden. <\/p>\n<p>Nun kam das verfr\u00fchte Aus: Es werden nur noch Antr\u00e4ge bearbeitet, die bis Mitte M\u00e4rz beim FSM eingereicht worden sind. Alle sp\u00e4teren Antr\u00e4ge k\u00f6nnen nicht mehr bearbeitet werden &#8211; so der heutige Stand. Das trifft besonders die gerade beschriebenen Klient*innen, aber auch alle anderen, die jetzt noch die Kraft f\u00fcr einen Antrag aufgebracht  haben, ganz besonders hart. Wir mussten ihnen diese traurige Mitteilung \u00fcbermitteln, ohne andere M\u00f6glichkeiten aufzeigen zu k\u00f6nnen. Das ist h\u00f6chst frustrierend f\u00fcr uns, aber katastrophal f\u00fcr unsere Klient*innen.[\/et_pb_text][\/et_pb_column][\/et_pb_row][et_pb_row column_structure=&#8220;2_3,1_3&#8243; use_custom_gutter=&#8220;on&#8220; gutter_width=&#8220;2&#8243; make_equal=&#8220;on&#8220; _builder_version=&#8220;4.20.4&#8243; _module_preset=&#8220;default&#8220; locked=&#8220;off&#8220; global_colors_info=&#8220;{}&#8220;][et_pb_column type=&#8220;2_3&#8243; admin_label=&#8220;Spalte \/ Text&#8220; _builder_version=&#8220;4.20.4&#8243; _module_preset=&#8220;default&#8220; global_colors_info=&#8220;{}&#8220;][et_pb_text _builder_version=&#8220;4.27.4&#8243; _module_preset=&#8220;default&#8220; global_colors_info=&#8220;{}&#8220;]So fordern wir dringend, dass die Bundesregierung sofort einen Notfallfonds einrichtet f\u00fcr Betroffene, deren Antr\u00e4ge sp\u00e4ter eingegangen sind, und zudem eine verbindliche politische Zusage, dass z\u00fcgig ein neue dauerhafte, ebenso niederschwellige L\u00f6sung f\u00fcr Betroffene von sexuellem Missbrauch geschaffen wird, so wie es im Koalitionsvertrag verabredet wurde.[\/et_pb_text][\/et_pb_column][et_pb_column type=&#8220;1_3&#8243; admin_label=&#8220;Spalte \/ Video&#8220; _builder_version=&#8220;4.20.4&#8243; _module_preset=&#8220;default&#8220; background_color=&#8220;rgba(124,218,36,0.2)&#8220; custom_padding=&#8220;10px|5px|5px|5px|false|false&#8220; global_colors_info=&#8220;{}&#8220;][et_pb_text _builder_version=&#8220;4.27.4&#8243; _module_preset=&#8220;default&#8220; global_colors_info=&#8220;{}&#8220;]<\/p>\n<p style=\"text-align: center;\">Stellungnahme von Wendepunkt e.V.<\/p>\n<p>[\/et_pb_text][et_pb_image src=&#8220;https:\/\/www.wendepunkt-freiburg.de\/content\/wp-content\/uploads\/2024\/07\/WENDEpunkt-LogoType-900&#215;160-1.png&#8220; title_text=&#8220;WENDEpunkt-LogoType-900&#215;160&#8243; align=&#8220;center&#8220; _builder_version=&#8220;4.27.4&#8243; _module_preset=&#8220;default&#8220; global_colors_info=&#8220;{}&#8220;][\/et_pb_image][\/et_pb_column][\/et_pb_row][\/et_pb_section]<\/p>\n","protected":false},"excerpt":{"rendered":"<p>Der Fonds sexueller Missbrauch (FSM) war viele Jahre ein niederschwelliges Unterst\u00fctzungssystem f\u00fcr unsere Klient*innen, die in ihrer Kindheit und Jugend von sexuellem Missbrauch betroffen waren. Nun wird er schlagartig eingestellt \u2013 ersatzlos. Unsere Forderungen an die Politik:<\/p>\n","protected":false},"author":1,"featured_media":31385,"comment_status":"open","ping_status":"open","sticky":false,"template":"","format":"standard","meta":{"_et_pb_use_builder":"on","_et_pb_old_content":"","_et_gb_content_width":"","footnotes":""},"categories":[1],"tags":[],"class_list":["post-32434","post","type-post","status-publish","format-standard","has-post-thumbnail","hentry","category-allgemein"],"_links":{"self":[{"href":"https:\/\/www.wendepunkt-freiburg.de\/content\/wp-json\/wp\/v2\/posts\/32434","targetHints":{"allow":["GET"]}}],"collection":[{"href":"https:\/\/www.wendepunkt-freiburg.de\/content\/wp-json\/wp\/v2\/posts"}],"about":[{"href":"https:\/\/www.wendepunkt-freiburg.de\/content\/wp-json\/wp\/v2\/types\/post"}],"author":[{"embeddable":true,"href":"https:\/\/www.wendepunkt-freiburg.de\/content\/wp-json\/wp\/v2\/users\/1"}],"replies":[{"embeddable":true,"href":"https:\/\/www.wendepunkt-freiburg.de\/content\/wp-json\/wp\/v2\/comments?post=32434"}],"version-history":[{"count":0,"href":"https:\/\/www.wendepunkt-freiburg.de\/content\/wp-json\/wp\/v2\/posts\/32434\/revisions"}],"wp:featuredmedia":[{"embeddable":true,"href":"https:\/\/www.wendepunkt-freiburg.de\/content\/wp-json\/wp\/v2\/media\/31385"}],"wp:attachment":[{"href":"https:\/\/www.wendepunkt-freiburg.de\/content\/wp-json\/wp\/v2\/media?parent=32434"}],"wp:term":[{"taxonomy":"category","embeddable":true,"href":"https:\/\/www.wendepunkt-freiburg.de\/content\/wp-json\/wp\/v2\/categories?post=32434"},{"taxonomy":"post_tag","embeddable":true,"href":"https:\/\/www.wendepunkt-freiburg.de\/content\/wp-json\/wp\/v2\/tags?post=32434"}],"curies":[{"name":"wp","href":"https:\/\/api.w.org\/{rel}","templated":true}]}}