{"id":32504,"date":"2025-11-25T10:13:15","date_gmt":"2025-11-25T09:13:15","guid":{"rendered":"https:\/\/www.wendepunkt-freiburg.de\/content\/?p=32504"},"modified":"2025-11-28T15:51:22","modified_gmt":"2025-11-28T14:51:22","slug":"sicherheitspolitik-faengt-bei-unseren-kleinsten-an-jetzt-spenden","status":"publish","type":"post","link":"https:\/\/www.wendepunkt-freiburg.de\/content\/2025\/sicherheitspolitik-faengt-bei-unseren-kleinsten-an-jetzt-spenden\/","title":{"rendered":"Sicherheitspolitik f\u00e4ngt bei unseren Kleinsten an &#8211; Jetzt spenden!"},"content":{"rendered":"<p>[et_pb_section fb_built=&#8220;1&#8243; _builder_version=&#8220;4.16&#8243; global_colors_info=&#8220;{}&#8220;][et_pb_row column_structure=&#8220;1_2,1_2&#8243; _builder_version=&#8220;4.27.0&#8243; background_size=&#8220;initial&#8220; background_position=&#8220;top_left&#8220; background_repeat=&#8220;repeat&#8220; global_colors_info=&#8220;{}&#8220;][et_pb_column type=&#8220;1_2&#8243; _builder_version=&#8220;4.16&#8243; custom_padding=&#8220;|||&#8220; global_colors_info=&#8220;{}&#8220; custom_padding__hover=&#8220;|||&#8220;][et_pb_text admin_label=&#8220;Text &#8212; Lead&#8220; _builder_version=&#8220;4.27.4&#8243; background_size=&#8220;initial&#8220; background_position=&#8220;top_left&#8220; background_repeat=&#8220;repeat&#8220; global_colors_info=&#8220;{}&#8220;]<\/p>\n<p><strong>Sicherheit beginnt nicht an Grenzen \u2013 sie beginnt bei unseren Kindern. Wenn wir Kinder sch\u00fctzen, sch\u00fctzen wir unsere Zukunft.<\/strong><\/p>\n<p>[\/et_pb_text][et_pb_image src=&#8220;https:\/\/www.wendepunkt-freiburg.de\/content\/wp-content\/uploads\/2025\/11\/WEP-NewsTeaser-750&#215;500-SpendenAufruf-KinderHaende-AdobeStock.jpg&#8220; alt=&#8220;Spendenaufruf mit Kinderh\u00e4nde (\u00a9 AdobeStock)&#8220; title_text=&#8220;Spendenaufruf mit Kinderh\u00e4nde (\u00a9 AdobeStock)&#8220; url=&#8220;@ET-DC@eyJkeW5hbWljIjp0cnVlLCJjb250ZW50IjoicG9zdF9saW5rX3VybF9wYWdlIiwic2V0dGluZ3MiOnsicG9zdF9pZCI6IjI4NzcyIn19@&#8220; admin_label=&#8220;Bild &#8212; SpendenAufruf&#8220; _builder_version=&#8220;4.27.4&#8243; _dynamic_attributes=&#8220;url&#8220; _module_preset=&#8220;default&#8220; image_title_font=&#8220;&#8211;et_global_body_font|||on|||||&#8220; image_title_color=&#8220;#999999&#8243; image_title_size=&#8220;11px&#8220; image_title_alignment=&#8220;center&#8220; image_caption_font=&#8220;&#8211;et_global_body_font|||on|||||&#8220; image_caption_color=&#8220;#999999&#8243; image_caption_size=&#8220;11px&#8220; image_caption_alignment=&#8220;center&#8220; image_description_font=&#8220;&#8211;et_global_body_font|||on|||||&#8220; image_description_color=&#8220;#999999&#8243; image_description_size=&#8220;11px&#8220; image_description_alignment=&#8220;center&#8220; global_colors_info=&#8220;{}&#8220;][\/et_pb_image][et_pb_text admin_label=&#8220;Text &#8212; Longcopy 1&#8243; _builder_version=&#8220;4.27.4&#8243; background_size=&#8220;initial&#8220; background_position=&#8220;top_left&#8220; background_repeat=&#8220;repeat&#8220; global_colors_info=&#8220;{}&#8220;]<\/p>\n<p>Sicherheitspolitik beginnt nicht an Landesgrenzen. Sie beginnt dort, wo Kinder leben, lernen, vertrauen \u2013 bei unseren Kleinsten.<\/p>\n<p>Wenn ein Kind sexualisierte Gewalt erlebt, tr\u00e4gt allein der T\u00e4ter oder die T\u00e4terin die Schuld. Doch jedes Mal, wenn Kinder nicht ausreichend gesch\u00fctzt werden, ist es auch ein Versagen unserer Gesellschaft. Denn wer missbrauchen will, hat leider oft leichtes Spiel. Das m\u00fcssen wir \u00e4ndern.<\/p>\n<p>Wendepunkt e.V. setzt genau hier an.<br \/>Wir h\u00f6ren zu. Wir sch\u00fctzen. Wir st\u00e4rken. Wir verhindern.<\/p>\n<p>[\/et_pb_text][\/et_pb_column][et_pb_column type=&#8220;1_2&#8243; _builder_version=&#8220;4.16&#8243; custom_padding=&#8220;|||&#8220; global_colors_info=&#8220;{}&#8220; custom_padding__hover=&#8220;|||&#8220;][et_pb_text admin_label=&#8220;Text &#8212; Longcopy 2&#8243; _builder_version=&#8220;4.27.4&#8243; background_size=&#8220;initial&#8220; background_position=&#8220;top_left&#8220; background_repeat=&#8220;repeat&#8220; hover_enabled=&#8220;0&#8243; global_colors_info=&#8220;{}&#8220; sticky_enabled=&#8220;0&#8243;]<\/p>\n<p>Wir beraten Kinder, Jugendliche und Familien auf ihrem Weg zur\u00fcck in Vertrauen, W\u00fcrde und Sicherheit. Wir gehen in Schulen, Kitas und Vereine, sprechen mit Kindern \u00fcber ihre Rechte, ihre Grenzen und \u00fcber Schutzm\u00f6glichkeiten. Wir geben ihnen eine Stimme \u2014 und das Wissen, sich selbst zu sch\u00fctzen.<\/p>\n<p><strong>Und: Wir machen Kinderschutz zur politischen Aufgabe. Denn was ist Kinderschutz anderes als Sicherheitspolitik?<\/strong><\/p>\n<p>Eine sichere Gesellschaft beginnt mit Kindern, die sich sicher f\u00fchlen.<br \/>Nicht irgendwann. Jetzt.<\/p>\n<p>[\/et_pb_text][et_pb_image src=&#8220;https:\/\/www.wendepunkt-freiburg.de\/content\/wp-content\/uploads\/2025\/11\/WEP-NewsTeaser-750&#215;500-SpendenAufruf-Kind-Love-Hands-AdobeStock_330921149.jpg&#8220; alt=&#8220;Kind zeigt Love-Hands (\u00a9 AdobeStock 330921149)&#8220; title_text=&#8220;Kind zeigt Love-Hands (\u00a9 AdobeStock 330921149)&#8220; url=&#8220;@ET-DC@eyJkeW5hbWljIjp0cnVlLCJjb250ZW50IjoicG9zdF9saW5rX3VybF9wYWdlIiwic2V0dGluZ3MiOnsicG9zdF9pZCI6IjI4NzcyIn19@&#8220; admin_label=&#8220;Bild &#8212; LoveHands&#8220; _builder_version=&#8220;4.27.4&#8243; _dynamic_attributes=&#8220;url&#8220; _module_preset=&#8220;default&#8220; image_title_font=&#8220;&#8211;et_global_body_font|||on|||||&#8220; image_title_color=&#8220;#999999&#8243; image_title_size=&#8220;11px&#8220; image_title_alignment=&#8220;center&#8220; image_caption_font=&#8220;&#8211;et_global_body_font|||on|||||&#8220; image_caption_color=&#8220;#999999&#8243; image_caption_size=&#8220;11px&#8220; image_caption_alignment=&#8220;center&#8220; image_description_font=&#8220;&#8211;et_global_body_font|||on|||||&#8220; image_description_color=&#8220;#999999&#8243; image_description_size=&#8220;11px&#8220; image_description_alignment=&#8220;center&#8220; global_colors_info=&#8220;{}&#8220;][\/et_pb_image][et_pb_text admin_label=&#8220;Text &#8212; Longcopy 3 &#8211; SpendenAufruf&#8220; _builder_version=&#8220;4.27.4&#8243; background_size=&#8220;initial&#8220; background_position=&#8220;top_left&#8220; background_repeat=&#8220;repeat&#8220; global_colors_info=&#8220;{}&#8220;]<\/p>\n<p>Mit Ihrer Spende erm\u00f6glichen Sie:<br \/>\u2714 Schutzprogramme in Schulen und Vereinen<br \/>\u2714 Beratung und Trauma-Begleitung f\u00fcr Betroffene<br \/>\u2714 Schulungen f\u00fcr Eltern und Fachkr\u00e4fte<br \/>\u2714 Politische Lobbyarbeit f\u00fcr besseren Kinderschutz<\/p>\n<p>Jeder Beitrag hilft.<br \/>F\u00fcr Kinder. F\u00fcr Vertrauen. F\u00fcr eine sichere Zukunft.<\/p>\n<p>[\/et_pb_text][et_pb_button button_url=&#8220;@ET-DC@eyJkeW5hbWljIjp0cnVlLCJjb250ZW50IjoicG9zdF9saW5rX3VybF9wYWdlIiwic2V0dGluZ3MiOnsicG9zdF9pZCI6IjI4NzcyIn19@&#8220; url_new_window=&#8220;on&#8220; button_text=&#8220;Jetzt spenden&#8220; button_alignment=&#8220;center&#8220; admin_label=&#8220;Button Spenden&#8220; _builder_version=&#8220;4.27.4&#8243; _dynamic_attributes=&#8220;button_url&#8220; _module_preset=&#8220;default&#8220; locked=&#8220;off&#8220; global_colors_info=&#8220;{}&#8220;][\/et_pb_button][\/et_pb_column][\/et_pb_row][\/et_pb_section]<\/p>\n","protected":false},"excerpt":{"rendered":"<p>W\u00e4hrend \u00fcber \u00e4u\u00dfere Sicherheit, Grenzschutz und Cyberabwehr diskutiert wird, bleiben Kinder oft ungesch\u00fctzt \u2013 dort, wo Sicherheit am dringendsten w\u00e4re. Wendepunkt e.V. sch\u00fctzt, st\u00e4rkt und begleitet Kinder und Familien, die sexualisierte Gewalt erfahren haben, kl\u00e4rt in Schulen und Vereinen auf und k\u00e4mpft politisch f\u00fcr besseren Kinderschutz. Jeder Beitrag hilft, Missbrauch zu verhindern \u2013 jetzt spenden!<\/p>\n","protected":false},"author":1,"featured_media":32508,"comment_status":"open","ping_status":"open","sticky":false,"template":"","format":"standard","meta":{"_et_pb_use_builder":"on","_et_pb_old_content":"","_et_gb_content_width":"","footnotes":""},"categories":[1],"tags":[],"class_list":["post-32504","post","type-post","status-publish","format-standard","has-post-thumbnail","hentry","category-allgemein"],"_links":{"self":[{"href":"https:\/\/www.wendepunkt-freiburg.de\/content\/wp-json\/wp\/v2\/posts\/32504","targetHints":{"allow":["GET"]}}],"collection":[{"href":"https:\/\/www.wendepunkt-freiburg.de\/content\/wp-json\/wp\/v2\/posts"}],"about":[{"href":"https:\/\/www.wendepunkt-freiburg.de\/content\/wp-json\/wp\/v2\/types\/post"}],"author":[{"embeddable":true,"href":"https:\/\/www.wendepunkt-freiburg.de\/content\/wp-json\/wp\/v2\/users\/1"}],"replies":[{"embeddable":true,"href":"https:\/\/www.wendepunkt-freiburg.de\/content\/wp-json\/wp\/v2\/comments?post=32504"}],"version-history":[{"count":10,"href":"https:\/\/www.wendepunkt-freiburg.de\/content\/wp-json\/wp\/v2\/posts\/32504\/revisions"}],"predecessor-version":[{"id":32557,"href":"https:\/\/www.wendepunkt-freiburg.de\/content\/wp-json\/wp\/v2\/posts\/32504\/revisions\/32557"}],"wp:featuredmedia":[{"embeddable":true,"href":"https:\/\/www.wendepunkt-freiburg.de\/content\/wp-json\/wp\/v2\/media\/32508"}],"wp:attachment":[{"href":"https:\/\/www.wendepunkt-freiburg.de\/content\/wp-json\/wp\/v2\/media?parent=32504"}],"wp:term":[{"taxonomy":"category","embeddable":true,"href":"https:\/\/www.wendepunkt-freiburg.de\/content\/wp-json\/wp\/v2\/categories?post=32504"},{"taxonomy":"post_tag","embeddable":true,"href":"https:\/\/www.wendepunkt-freiburg.de\/content\/wp-json\/wp\/v2\/tags?post=32504"}],"curies":[{"name":"wp","href":"https:\/\/api.w.org\/{rel}","templated":true}]}}